{"id":437,"date":"2021-08-30T08:16:10","date_gmt":"2021-08-30T08:16:10","guid":{"rendered":"http:\/\/rionet.vn\/?p=437"},"modified":"2021-08-30T08:16:10","modified_gmt":"2021-08-30T08:16:10","slug":"nguoi-dan-nhat-ban-co-vu-doan-the-thao-nguoi-khuyet-tat-viet-nam","status":"publish","type":"post","link":"http:\/\/rionet.vn\/index.php\/2021\/08\/30\/nguoi-dan-nhat-ban-co-vu-doan-the-thao-nguoi-khuyet-tat-viet-nam\/","title":{"rendered":"Ng\u01b0\u1eddi d\u00e2n Nh\u1eadt B\u1ea3n c\u1ed5 v\u0169 \u0111o\u00e0n th\u1ec3 thao ng\u01b0\u1eddi khuy\u1ebft t\u1eadt Vi\u1ec7t Nam"},"content":{"rendered":"<p>C\u00e1c v\u1eadn \u0111\u1ed9ng vi\u00ean ng\u01b0\u1eddi khuy\u1ebft t\u1eadt Vi\u1ec7t Nam b\u1eaft \u0111\u1ea7u tranh t\u00e0i t\u1ea1i Paralympic Tokyo 2020 t\u1eeb 24\/8 &#8211; 5\/9\/2021. Ngay tr\u01b0\u1edbc khi b\u01b0\u1edbc v\u00e0o h\u00e0nh tr\u00ecnh \u0111\u1ea7y cam go n\u00e0y, h\u1ecd \u0111\u00e3 nh\u1eadn \u0111\u01b0\u1ee3c s\u1ef1 c\u1ed5 v\u0169 h\u1ebft s\u1ee9c nhi\u1ec7t t\u00ecnh t\u1eeb th\u1ecb tr\u01b0\u1edfng v\u00e0 ng\u01b0\u1eddi d\u00e2n th\u00e0nh ph\u1ed1 Kokubunji, Tokyo \u2013 m\u1ed9t trong nh\u1eefng \u201cth\u00e0nh ph\u1ed1 ch\u1ee7 nh\u00e0\u201d (host town) c\u1ee7a Vi\u1ec7t Nam t\u1ea1i th\u1ebf v\u1eadn h\u1ed9i l\u1ea7n n\u00e0y.<\/p>\n<p>Trao \u0111\u1ed5i v\u1edbi ph\u00f3ng vi\u00ean TTXVN t\u1ea1i Tokyo, \u00f4ng Kunio Izawa, Th\u1ecb tr\u01b0\u1edfng Kokubunji, n\u00f3i: \u201cThay m\u1eb7t cho th\u00e0nh ph\u1ed1 Kokubunji, t\u00f4i xin g\u1eedi l\u1eddi ch\u00fac n\u1ed3ng nhi\u1ec7t v\u00e0 s\u00e2u s\u1eafc nh\u1ea5t \u0111\u1ebfn v\u1edbi c\u00e1c v\u1eadn \u0111\u1ed9ng vi\u00ean Vi\u1ec7t Nam. T\u00f4i mong r\u1eb1ng c\u00e1c tuy\u1ec3n th\u1ee7 n\u1ed7 l\u1ef1c v\u00e0 gi\u00e0nh \u0111\u01b0\u1ee3c huy ch\u01b0\u01a1ng, mang vinh quang v\u1ec1 cho T\u1ed5 qu\u1ed1c. Kokubunji v\u00e0 c\u00e1c thanh thi\u1ebfu ni\u00ean c\u1ee7a th\u00e0nh ph\u1ed1 lu\u00f4n \u1ee7ng h\u1ed9 c\u00e1c b\u1ea1n\u201d.<\/p>\n<p>L\u00fd gi\u1ea3i v\u1ec1 quy\u1ebft \u0111\u1ecbnh \u0111\u0103ng k\u00fd l\u00e0m \u201chost town\u201d c\u1ee7a Vi\u1ec7t Nam, \u00f4ng Izawa chia s\u1ebb: \u201cT\u00f4i \u0111\u00e3 t\u1edbi Vi\u1ec7t Nam. T\u00f4i th\u1ea5y r\u1eb1ng \u0111\u00f3 th\u1ef1c s\u1ef1 l\u00e0 m\u1ed9t \u0111\u1ea5t n\u01b0\u1edbc t\u01b0\u01a1i \u0111\u1eb9p c\u1ee7a nh\u1eefng ng\u01b0\u1eddi th\u00e2n thi\u1ec7n. B\u00ean c\u1ea1nh \u0111\u00f3, Vi\u1ec7t Nam v\u00e0 Nh\u1eadt B\u1ea3n c\u00f3 quan h\u1ec7 h\u1eefu ngh\u1ecb t\u1ed1t \u0111\u1eb9p. V\u00ec v\u1eady, ch\u00fang t\u00f4i mu\u1ed1n c\u1ed5 v\u0169 cho \u0111o\u00e0n th\u1ec3 thao Vi\u1ec7t Nam t\u1ea1i c\u00e1c th\u1ebf v\u1eadn h\u1ed9i Olympic v\u00e0 Paralympic 2020\u201d.<br \/>\nN\u1eb1m \u1edf ph\u00eda T\u00e2y th\u1ee7 \u0111\u00f4 Tokyo, Kokubunji l\u00e0 m\u1ed9t trong nh\u1eefng \u201cth\u00e0nh ph\u1ed1 ch\u1ee7 nh\u00e0\u201d c\u1ee7a Vi\u1ec7t Nam t\u1ea1i c\u1ea3 Olympic v\u00e0 Paralympic Tokyo 2020. Th\u00e1ng 10\/2019, Kokubunji \u0111\u00e3 k\u00fd bi\u00ean b\u1ea3n ghi nh\u1edb v\u1edbi T\u1ed5ng c\u1ee5c Th\u1ec3 d\u1ee5c Th\u1ec3 thao Vi\u1ec7t Nam v\u1ec1 vi\u1ec7c th\u00e0nh ph\u1ed1 n\u00e0y ti\u1ebfp \u0111\u00f3n v\u1eadn \u0111\u1ed9ng vi\u00ean ng\u01b0\u1eddi khuy\u1ebft t\u1eadt Vi\u1ec7t Nam tham gia m\u00f4n b\u01a1i sang t\u1eadp hu\u1ea5n tr\u01b0\u1edbc th\u1ec1m Paralympic. Tuy nhi\u00ean, do b\u00f9ng ph\u00e1t d\u1ecbch COVID-19 n\u00ean th\u00e0nh ph\u1ed1 \u0111\u00e3 kh\u00f4ng th\u1ec3 \u0111\u00f3n c\u00e1c v\u1eadn \u0111\u1ed9ng vi\u00ean Vi\u1ec7t Nam sang t\u1eadp hu\u1ea5n nh\u01b0 k\u1ebf ho\u1ea1ch ban \u0111\u1ea7u.<\/p>\n<p>\u00f4ng Isobe Udai, nh\u00e2n vi\u00ean c\u1ee7a RION &#8211; h\u00e3ng s\u1ea3n xu\u1ea5t m\u00e1y tr\u1ee3 th\u00ednh l\u1edbn nh\u1ea5t Nh\u1eadt B\u1ea3n, chia s\u1ebb: \u201cL\u00e0 m\u1ed9t doanh nghi\u1ec7p c\u1ee7a th\u00e0nh ph\u1ed1 Kokubunji, ch\u00fang t\u00f4i mong mu\u1ed1n \u0111\u01b0\u1ee3c c\u0169ng c\u1ea5p nh\u1eefng s\u1ea3n ph\u1ea9m t\u1ed1t nh\u1ea5t cho c\u00e1c v\u1eadn \u0111\u1ed9ng vi\u00ean khuy\u1ebft t\u1eadt c\u1ee7a Vi\u1ec7t Nam. T\u1ea1i Paralympic s\u1eafp t\u1edbi, ch\u00fang t\u00f4i mu\u1ed1n c\u00e1c v\u1eadn \u0111\u1ed9ng vi\u00ean c\u1ee7a Vi\u1ec7t Nam tr\u1ef1c ti\u1ebfp tr\u1ea3i nghi\u1ec7m c\u00e1c s\u1ea3n ph\u1ea9m c\u1ee7a ch\u00fang t\u00f4i. Th\u1eddi gian t\u1edbi, ch\u00fang t\u00f4i mu\u1ed1n \u0111\u01b0a m\u00e1y tr\u1ee3 th\u00ednh \u0111\u1ebfn v\u1edbi th\u1ecb tr\u01b0\u1eddng Vi\u1ec7t Nam \u0111\u1ec3 h\u1ed7 tr\u1ee3 nh\u1eefng ng\u01b0\u1eddi kh\u00f4ng may c\u00f3 khi\u1ebfm khuy\u1ebft v\u1ec1 th\u00ednh l\u1ef1c\u201d<br \/>\nTheo B\u00e1o tin t\u1ee9c &#8211; TTXVN<\/p>\n","protected":false},"excerpt":{"rendered":"<p>C\u00e1c v\u1eadn \u0111\u1ed9ng vi\u00ean ng\u01b0\u1eddi khuy\u1ebft t\u1eadt Vi\u1ec7t Nam b\u1eaft \u0111\u1ea7u tranh t\u00e0i t\u1ea1i Paralympic Tokyo 2020 t\u1eeb 24\/8 &#8211; 5\/9\/2021. Ngay tr\u01b0\u1edbc khi b\u01b0\u1edbc v\u00e0o h\u00e0nh tr\u00ecnh \u0111\u1ea7y cam go n\u00e0y, h\u1ecd \u0111\u00e3 nh\u1eadn \u0111\u01b0\u1ee3c s\u1ef1 c\u1ed5 v\u0169 h\u1ebft s\u1ee9c nhi\u1ec7t t\u00ecnh t\u1eeb th\u1ecb tr\u01b0\u1edfng v\u00e0 ng\u01b0\u1eddi d\u00e2n th\u00e0nh ph\u1ed1 Kokubunji, Tokyo \u2013 m\u1ed9t [&hellip;]<\/p>\n","protected":false},"author":1,"featured_media":0,"comment_status":"open","ping_status":"open","sticky":false,"template":"","format":"standard","meta":[],"categories":[12],"tags":[],"acf":[],"yoast_head":"<!-- This site is optimized with the Yoast SEO plugin v20.0 - https:\/\/yoast.com\/wordpress\/plugins\/seo\/ -->\n<title>Ng\u01b0\u1eddi d\u00e2n Nh\u1eadt B\u1ea3n c\u1ed5 v\u0169 \u0111o\u00e0n th\u1ec3 thao ng\u01b0\u1eddi khuy\u1ebft t\u1eadt Vi\u1ec7t Nam - Rionet<\/title>\n<meta name=\"robots\" content=\"index, follow, max-snippet:-1, max-image-preview:large, max-video-preview:-1\" \/>\n<link rel=\"canonical\" href=\"http:\/\/rionet.vn\/index.php\/2021\/08\/30\/nguoi-dan-nhat-ban-co-vu-doan-the-thao-nguoi-khuyet-tat-viet-nam\/\" \/>\n<meta property=\"og:locale\" content=\"vi_VN\" \/>\n<meta property=\"og:type\" content=\"article\" \/>\n<meta property=\"og:title\" content=\"Ng\u01b0\u1eddi d\u00e2n Nh\u1eadt B\u1ea3n c\u1ed5 v\u0169 \u0111o\u00e0n th\u1ec3 thao ng\u01b0\u1eddi khuy\u1ebft t\u1eadt Vi\u1ec7t Nam - Rionet\" \/>\n<meta property=\"og:description\" content=\"C\u00e1c v\u1eadn \u0111\u1ed9ng vi\u00ean ng\u01b0\u1eddi khuy\u1ebft t\u1eadt Vi\u1ec7t Nam b\u1eaft \u0111\u1ea7u tranh t\u00e0i t\u1ea1i Paralympic Tokyo 2020 t\u1eeb 24\/8 &#8211; 5\/9\/2021. Ngay tr\u01b0\u1edbc khi b\u01b0\u1edbc v\u00e0o h\u00e0nh tr\u00ecnh \u0111\u1ea7y cam go n\u00e0y, h\u1ecd \u0111\u00e3 nh\u1eadn \u0111\u01b0\u1ee3c s\u1ef1 c\u1ed5 v\u0169 h\u1ebft s\u1ee9c nhi\u1ec7t t\u00ecnh t\u1eeb th\u1ecb tr\u01b0\u1edfng v\u00e0 ng\u01b0\u1eddi d\u00e2n th\u00e0nh ph\u1ed1 Kokubunji, Tokyo \u2013 m\u1ed9t [&hellip;]\" \/>\n<meta property=\"og:url\" content=\"http:\/\/rionet.vn\/index.php\/2021\/08\/30\/nguoi-dan-nhat-ban-co-vu-doan-the-thao-nguoi-khuyet-tat-viet-nam\/\" \/>\n<meta property=\"og:site_name\" content=\"Rionet\" \/>\n<meta property=\"article:published_time\" content=\"2021-08-30T08:16:10+00:00\" \/>\n<meta name=\"author\" content=\"Admin@rion\" \/>\n<meta name=\"twitter:card\" content=\"summary_large_image\" \/>\n<meta name=\"twitter:label1\" content=\"\u0110\u01b0\u1ee3c vi\u1ebft b\u1edfi\" \/>\n\t<meta name=\"twitter:data1\" content=\"Admin@rion\" \/>\n\t<meta name=\"twitter:label2\" content=\"\u01af\u1edbc t\u00ednh th\u1eddi gian \u0111\u1ecdc\" \/>\n\t<meta name=\"twitter:data2\" content=\"3 ph\u00fat\" \/>\n<script type=\"application\/ld+json\" class=\"yoast-schema-graph\">{\"@context\":\"https:\/\/schema.org\",\"@graph\":[{\"@type\":\"WebPage\",\"@id\":\"http:\/\/rionet.vn\/index.php\/2021\/08\/30\/nguoi-dan-nhat-ban-co-vu-doan-the-thao-nguoi-khuyet-tat-viet-nam\/\",\"url\":\"http:\/\/rionet.vn\/index.php\/2021\/08\/30\/nguoi-dan-nhat-ban-co-vu-doan-the-thao-nguoi-khuyet-tat-viet-nam\/\",\"name\":\"Ng\u01b0\u1eddi d\u00e2n Nh\u1eadt B\u1ea3n c\u1ed5 v\u0169 \u0111o\u00e0n th\u1ec3 thao ng\u01b0\u1eddi khuy\u1ebft t\u1eadt Vi\u1ec7t Nam - Rionet\",\"isPartOf\":{\"@id\":\"http:\/\/rionet.vn\/#website\"},\"datePublished\":\"2021-08-30T08:16:10+00:00\",\"dateModified\":\"2021-08-30T08:16:10+00:00\",\"author\":{\"@id\":\"http:\/\/rionet.vn\/#\/schema\/person\/a757c16c969c7ef0e6d016df632791f6\"},\"breadcrumb\":{\"@id\":\"http:\/\/rionet.vn\/index.php\/2021\/08\/30\/nguoi-dan-nhat-ban-co-vu-doan-the-thao-nguoi-khuyet-tat-viet-nam\/#breadcrumb\"},\"inLanguage\":\"vi\",\"potentialAction\":[{\"@type\":\"ReadAction\",\"target\":[\"http:\/\/rionet.vn\/index.php\/2021\/08\/30\/nguoi-dan-nhat-ban-co-vu-doan-the-thao-nguoi-khuyet-tat-viet-nam\/\"]}]},{\"@type\":\"BreadcrumbList\",\"@id\":\"http:\/\/rionet.vn\/index.php\/2021\/08\/30\/nguoi-dan-nhat-ban-co-vu-doan-the-thao-nguoi-khuyet-tat-viet-nam\/#breadcrumb\",\"itemListElement\":[{\"@type\":\"ListItem\",\"position\":1,\"name\":\"Trang ch\u1ee7\",\"item\":\"http:\/\/rionet.vn\/\"},{\"@type\":\"ListItem\",\"position\":2,\"name\":\"Ng\u01b0\u1eddi d\u00e2n Nh\u1eadt B\u1ea3n c\u1ed5 v\u0169 \u0111o\u00e0n th\u1ec3 thao ng\u01b0\u1eddi khuy\u1ebft t\u1eadt Vi\u1ec7t Nam\"}]},{\"@type\":\"WebSite\",\"@id\":\"http:\/\/rionet.vn\/#website\",\"url\":\"http:\/\/rionet.vn\/\",\"name\":\"Rionet\",\"description\":\"H\u1ec7 th\u1ed1ng tr\u1ee3 th\u00ednh k\u1ef9 thu\u1eadt s\u1ed1\",\"potentialAction\":[{\"@type\":\"SearchAction\",\"target\":{\"@type\":\"EntryPoint\",\"urlTemplate\":\"http:\/\/rionet.vn\/?s={search_term_string}\"},\"query-input\":\"required name=search_term_string\"}],\"inLanguage\":\"vi\"},{\"@type\":\"Person\",\"@id\":\"http:\/\/rionet.vn\/#\/schema\/person\/a757c16c969c7ef0e6d016df632791f6\",\"name\":\"Admin@rion\",\"image\":{\"@type\":\"ImageObject\",\"inLanguage\":\"vi\",\"@id\":\"http:\/\/rionet.vn\/#\/schema\/person\/image\/\",\"url\":\"http:\/\/2.gravatar.com\/avatar\/2a422a8d39d42456de86b21e332817e4?s=96&d=mm&r=g\",\"contentUrl\":\"http:\/\/2.gravatar.com\/avatar\/2a422a8d39d42456de86b21e332817e4?s=96&d=mm&r=g\",\"caption\":\"Admin@rion\"},\"sameAs\":[\"http:\/\/live.icolor.vn\/rion\"],\"url\":\"http:\/\/rionet.vn\/index.php\/author\/adminrion\/\"}]}<\/script>\n<!-- \/ Yoast SEO plugin. -->","yoast_head_json":{"title":"Ng\u01b0\u1eddi d\u00e2n Nh\u1eadt B\u1ea3n c\u1ed5 v\u0169 \u0111o\u00e0n th\u1ec3 thao ng\u01b0\u1eddi khuy\u1ebft t\u1eadt Vi\u1ec7t Nam - Rionet","robots":{"index":"index","follow":"follow","max-snippet":"max-snippet:-1","max-image-preview":"max-image-preview:large","max-video-preview":"max-video-preview:-1"},"canonical":"http:\/\/rionet.vn\/index.php\/2021\/08\/30\/nguoi-dan-nhat-ban-co-vu-doan-the-thao-nguoi-khuyet-tat-viet-nam\/","og_locale":"vi_VN","og_type":"article","og_title":"Ng\u01b0\u1eddi d\u00e2n Nh\u1eadt B\u1ea3n c\u1ed5 v\u0169 \u0111o\u00e0n th\u1ec3 thao ng\u01b0\u1eddi khuy\u1ebft t\u1eadt Vi\u1ec7t Nam - Rionet","og_description":"C\u00e1c v\u1eadn \u0111\u1ed9ng vi\u00ean ng\u01b0\u1eddi khuy\u1ebft t\u1eadt Vi\u1ec7t Nam b\u1eaft \u0111\u1ea7u tranh t\u00e0i t\u1ea1i Paralympic Tokyo 2020 t\u1eeb 24\/8 &#8211; 5\/9\/2021. Ngay tr\u01b0\u1edbc khi b\u01b0\u1edbc v\u00e0o h\u00e0nh tr\u00ecnh \u0111\u1ea7y cam go n\u00e0y, h\u1ecd \u0111\u00e3 nh\u1eadn \u0111\u01b0\u1ee3c s\u1ef1 c\u1ed5 v\u0169 h\u1ebft s\u1ee9c nhi\u1ec7t t\u00ecnh t\u1eeb th\u1ecb tr\u01b0\u1edfng v\u00e0 ng\u01b0\u1eddi d\u00e2n th\u00e0nh ph\u1ed1 Kokubunji, Tokyo \u2013 m\u1ed9t [&hellip;]","og_url":"http:\/\/rionet.vn\/index.php\/2021\/08\/30\/nguoi-dan-nhat-ban-co-vu-doan-the-thao-nguoi-khuyet-tat-viet-nam\/","og_site_name":"Rionet","article_published_time":"2021-08-30T08:16:10+00:00","author":"Admin@rion","twitter_card":"summary_large_image","twitter_misc":{"\u0110\u01b0\u1ee3c vi\u1ebft b\u1edfi":"Admin@rion","\u01af\u1edbc t\u00ednh th\u1eddi gian \u0111\u1ecdc":"3 ph\u00fat"},"schema":{"@context":"https:\/\/schema.org","@graph":[{"@type":"WebPage","@id":"http:\/\/rionet.vn\/index.php\/2021\/08\/30\/nguoi-dan-nhat-ban-co-vu-doan-the-thao-nguoi-khuyet-tat-viet-nam\/","url":"http:\/\/rionet.vn\/index.php\/2021\/08\/30\/nguoi-dan-nhat-ban-co-vu-doan-the-thao-nguoi-khuyet-tat-viet-nam\/","name":"Ng\u01b0\u1eddi d\u00e2n Nh\u1eadt B\u1ea3n c\u1ed5 v\u0169 \u0111o\u00e0n th\u1ec3 thao ng\u01b0\u1eddi khuy\u1ebft t\u1eadt Vi\u1ec7t Nam - Rionet","isPartOf":{"@id":"http:\/\/rionet.vn\/#website"},"datePublished":"2021-08-30T08:16:10+00:00","dateModified":"2021-08-30T08:16:10+00:00","author":{"@id":"http:\/\/rionet.vn\/#\/schema\/person\/a757c16c969c7ef0e6d016df632791f6"},"breadcrumb":{"@id":"http:\/\/rionet.vn\/index.php\/2021\/08\/30\/nguoi-dan-nhat-ban-co-vu-doan-the-thao-nguoi-khuyet-tat-viet-nam\/#breadcrumb"},"inLanguage":"vi","potentialAction":[{"@type":"ReadAction","target":["http:\/\/rionet.vn\/index.php\/2021\/08\/30\/nguoi-dan-nhat-ban-co-vu-doan-the-thao-nguoi-khuyet-tat-viet-nam\/"]}]},{"@type":"BreadcrumbList","@id":"http:\/\/rionet.vn\/index.php\/2021\/08\/30\/nguoi-dan-nhat-ban-co-vu-doan-the-thao-nguoi-khuyet-tat-viet-nam\/#breadcrumb","itemListElement":[{"@type":"ListItem","position":1,"name":"Trang ch\u1ee7","item":"http:\/\/rionet.vn\/"},{"@type":"ListItem","position":2,"name":"Ng\u01b0\u1eddi d\u00e2n Nh\u1eadt B\u1ea3n c\u1ed5 v\u0169 \u0111o\u00e0n th\u1ec3 thao ng\u01b0\u1eddi khuy\u1ebft t\u1eadt Vi\u1ec7t Nam"}]},{"@type":"WebSite","@id":"http:\/\/rionet.vn\/#website","url":"http:\/\/rionet.vn\/","name":"Rionet","description":"H\u1ec7 th\u1ed1ng tr\u1ee3 th\u00ednh k\u1ef9 thu\u1eadt s\u1ed1","potentialAction":[{"@type":"SearchAction","target":{"@type":"EntryPoint","urlTemplate":"http:\/\/rionet.vn\/?s={search_term_string}"},"query-input":"required name=search_term_string"}],"inLanguage":"vi"},{"@type":"Person","@id":"http:\/\/rionet.vn\/#\/schema\/person\/a757c16c969c7ef0e6d016df632791f6","name":"Admin@rion","image":{"@type":"ImageObject","inLanguage":"vi","@id":"http:\/\/rionet.vn\/#\/schema\/person\/image\/","url":"http:\/\/2.gravatar.com\/avatar\/2a422a8d39d42456de86b21e332817e4?s=96&d=mm&r=g","contentUrl":"http:\/\/2.gravatar.com\/avatar\/2a422a8d39d42456de86b21e332817e4?s=96&d=mm&r=g","caption":"Admin@rion"},"sameAs":["http:\/\/live.icolor.vn\/rion"],"url":"http:\/\/rionet.vn\/index.php\/author\/adminrion\/"}]}},"_links":{"self":[{"href":"http:\/\/rionet.vn\/index.php\/wp-json\/wp\/v2\/posts\/437"}],"collection":[{"href":"http:\/\/rionet.vn\/index.php\/wp-json\/wp\/v2\/posts"}],"about":[{"href":"http:\/\/rionet.vn\/index.php\/wp-json\/wp\/v2\/types\/post"}],"author":[{"embeddable":true,"href":"http:\/\/rionet.vn\/index.php\/wp-json\/wp\/v2\/users\/1"}],"replies":[{"embeddable":true,"href":"http:\/\/rionet.vn\/index.php\/wp-json\/wp\/v2\/comments?post=437"}],"version-history":[{"count":1,"href":"http:\/\/rionet.vn\/index.php\/wp-json\/wp\/v2\/posts\/437\/revisions"}],"predecessor-version":[{"id":438,"href":"http:\/\/rionet.vn\/index.php\/wp-json\/wp\/v2\/posts\/437\/revisions\/438"}],"wp:attachment":[{"href":"http:\/\/rionet.vn\/index.php\/wp-json\/wp\/v2\/media?parent=437"}],"wp:term":[{"taxonomy":"category","embeddable":true,"href":"http:\/\/rionet.vn\/index.php\/wp-json\/wp\/v2\/categories?post=437"},{"taxonomy":"post_tag","embeddable":true,"href":"http:\/\/rionet.vn\/index.php\/wp-json\/wp\/v2\/tags?post=437"}],"curies":[{"name":"wp","href":"https:\/\/api.w.org\/{rel}","templated":true}]}}